{"id":16969,"date":"2022-03-22T13:05:26","date_gmt":"2022-03-22T12:05:26","guid":{"rendered":"https:\/\/www.anesvad.org\/?p=16969"},"modified":"2025-05-07T10:09:29","modified_gmt":"2025-05-07T08:09:29","slug":"world-water-dat-underground-water","status":"publish","type":"post","link":"https:\/\/www.anesvad.org\/en\/last-news\/world-water-dat-underground-water\/","title":{"rendered":"World Water Day: the underground water that changes lives"},"content":{"rendered":"\n\n    <p class=\"entradilla\">At World Water Day 2022 we highlight the value of underground waters as an inexhaustible source of wellbeing and development. These waters are used by countless rural communities to supply their peoples with high-quality clean water. Thanks to these waters millions of deaths from infectious diseases associated with unhealthy water are avoided every year.<\/p>\n\n\n\n\n\n<p>Imagine for a moment <strong>that there is no tap in your house<\/strong>, or no system of piped <strong>water to drink, cook, or wash<\/strong>. This situation seems like something out of the past, but in the majority of households in developing countries it is a reality. According to UNICEF, <strong>26% of the world population does not have a safe source of drinking water<\/strong>. This leaves them exposed to <strong>diarrhoeal and infectious<\/strong> <strong>diseases <\/strong>that debilitate their wellbeing and development. One of the solutions to this vital problem can be found underground.<\/p>\n\n\n\n<h2 class=\"wp-block-heading\"><strong>Underground water, healthy water<\/strong><\/h2>\n\n\n\n<p>This year at World Water Day, held on 22 March, we are focussing on <strong>underground waters<\/strong>, which although invisible can transform the lives of the communities that use them. And the fact is that these waters hide in aquifers, which are rock, sand, and gravel formations containing significant quantities of high-quality drinking water. If we can access these reservoirs and channel them, we can <strong>supply many populations with safe water <\/strong>to drink, wash, and grow food.<\/p>\n\n\n\n<p>In Togo, for example, together with the Ministry of Water and Sanitation, we implemented<a href=\"https:\/\/www.anesvad.org\/en\/projects\/\" target=\"_blank\" rel=\"noreferrer noopener\"> a strategy in rural communities<\/a> to <strong>avoid infections caused by unwise consumption of unhealthy water<\/strong>. Sadly, only <strong>20% of the Togolese population has access to a supply of drinking water<\/strong>. In rural populations, this percentage is even lower. A large proportion of the population still lives <strong>more than 5 km from an access point for drinking water<\/strong>. Therefore, many people still extract water to drink from ponds or rivers, and even rainwater from puddles.<\/p>\n\n\n\n<h2 class=\"wp-block-heading\"><strong>Sustainable water wells for the whole community<\/strong><\/h2>\n\n\n\n<p>In the rural community of Kpeho, in the Maritime Region of Togo, life has improved since we <strong>installed a well in 2020<\/strong>. Manakou, Yawo, and Adele, resident in Kpeho, have set up the <strong>Water Committee which takes care of maintaining the <\/strong>tank, which works with photovoltaic energy. \u2018We organize ourselves to administer a savings account which we use to maintain the well\u2019, says Manakou, who chairs the committee. Everyone who uses the well pays 10 CFA francs (0.015 euros) to fill a 25-litre drum. \u2018Now the water <strong>is very high quality and there is no diarrhoea or disease<\/strong>\u2019, says Manakou.<\/p>\n\n\n\n<p>In Kpeho, <strong>underground water rises up to improve the health of the entire community<\/strong>. A valuable asset which even today millions of people cannot access.<\/p>\n","protected":false},"excerpt":{"rendered":"<p>Imagine for a moment that there is no tap in your house, or no system of piped water to drink, cook, or wash. This situation seems like something out of the past, but in the majority of households in developing countries it is a reality. According to UNICEF, 26% of the world population does not [&hellip;]<\/p>\n","protected":false},"author":21,"featured_media":14292,"comment_status":"open","ping_status":"open","sticky":false,"template":"","format":"standard","meta":{"_acf_changed":false,"content-type":"","inline_featured_image":false,"_themeisle_gutenberg_block_has_review":false,"footnotes":""},"categories":[724],"tags":[],"class_list":["post-16969","post","type-post","status-publish","format-standard","has-post-thumbnail","hentry","category-health-in-africa"],"acf":[],"yoast_head":"<!-- This site is optimized with the Yoast SEO plugin v25.3.1 - https:\/\/yoast.com\/wordpress\/plugins\/seo\/ -->\n<title>World Water Day | ANESVAD<\/title>\n<meta name=\"description\" content=\"At World Water Day 2022 we highlight the value of underground waters as an inexhaustible source of wellbeing and development.\" \/>\n<meta name=\"robots\" content=\"index, follow, max-snippet:-1, max-image-preview:large, max-video-preview:-1\" \/>\n<link rel=\"canonical\" href=\"https:\/\/www.anesvad.org\/en\/last-news\/world-water-dat-underground-water\/\" \/>\n<meta property=\"og:locale\" content=\"en_US\" \/>\n<meta property=\"og:type\" content=\"article\" \/>\n<meta property=\"og:title\" content=\"World Water Day | ANESVAD\" \/>\n<meta property=\"og:description\" content=\"At World Water Day 2022 we highlight the value of underground waters as an inexhaustible source of wellbeing and development.\" \/>\n<meta property=\"og:url\" content=\"https:\/\/www.anesvad.org\/en\/last-news\/world-water-dat-underground-water\/\" \/>\n<meta property=\"og:site_name\" content=\"anesvad\" \/>\n<meta property=\"article:published_time\" content=\"2022-03-22T12:05:26+00:00\" \/>\n<meta property=\"article:modified_time\" content=\"2025-05-07T08:09:29+00:00\" \/>\n<meta property=\"og:image\" content=\"https:\/\/www.anesvad.org\/wp-content\/uploads\/2022\/03\/agua-subterranea-scaled.jpg\" \/>\n\t<meta property=\"og:image:width\" content=\"2560\" \/>\n\t<meta property=\"og:image:height\" content=\"1706\" \/>\n\t<meta property=\"og:image:type\" content=\"image\/jpeg\" \/>\n<meta name=\"author\" content=\"Mikel Edeso\" \/>\n<meta name=\"twitter:card\" content=\"summary_large_image\" \/>\n<meta name=\"twitter:label1\" content=\"Written by\" \/>\n\t<meta name=\"twitter:data1\" content=\"Mikel Edeso\" \/>\n\t<meta name=\"twitter:label2\" content=\"Est. reading time\" \/>\n\t<meta name=\"twitter:data2\" content=\"1 minute\" \/>\n<script type=\"application\/ld+json\" class=\"yoast-schema-graph\">{\"@context\":\"https:\/\/schema.org\",\"@graph\":[{\"@type\":\"Article\",\"@id\":\"https:\/\/www.anesvad.org\/en\/last-news\/world-water-dat-underground-water\/#article\",\"isPartOf\":{\"@id\":\"https:\/\/www.anesvad.org\/en\/last-news\/world-water-dat-underground-water\/\"},\"author\":{\"name\":\"Mikel Edeso\",\"@id\":\"https:\/\/www.anesvad.org\/en\/#\/schema\/person\/1b3f0d28b7aaa86610f5e1545027205e\"},\"headline\":\"World Water Day: the underground water that changes lives\",\"datePublished\":\"2022-03-22T12:05:26+00:00\",\"dateModified\":\"2025-05-07T08:09:29+00:00\",\"mainEntityOfPage\":{\"@id\":\"https:\/\/www.anesvad.org\/en\/last-news\/world-water-dat-underground-water\/\"},\"wordCount\":446,\"commentCount\":0,\"publisher\":{\"@id\":\"https:\/\/www.anesvad.org\/en\/#organization\"},\"image\":{\"@id\":\"https:\/\/www.anesvad.org\/en\/last-news\/world-water-dat-underground-water\/#primaryimage\"},\"thumbnailUrl\":\"https:\/\/www.anesvad.org\/wp-content\/uploads\/2022\/03\/agua-subterranea-scaled.jpg\",\"articleSection\":[\"Health in Africa\"],\"inLanguage\":\"en-US\",\"potentialAction\":[{\"@type\":\"CommentAction\",\"name\":\"Comment\",\"target\":[\"https:\/\/www.anesvad.org\/en\/last-news\/world-water-dat-underground-water\/#respond\"]}]},{\"@type\":\"WebPage\",\"@id\":\"https:\/\/www.anesvad.org\/en\/last-news\/world-water-dat-underground-water\/\",\"url\":\"https:\/\/www.anesvad.org\/en\/last-news\/world-water-dat-underground-water\/\",\"name\":\"World Water Day | ANESVAD\",\"isPartOf\":{\"@id\":\"https:\/\/www.anesvad.org\/en\/#website\"},\"primaryImageOfPage\":{\"@id\":\"https:\/\/www.anesvad.org\/en\/last-news\/world-water-dat-underground-water\/#primaryimage\"},\"image\":{\"@id\":\"https:\/\/www.anesvad.org\/en\/last-news\/world-water-dat-underground-water\/#primaryimage\"},\"thumbnailUrl\":\"https:\/\/www.anesvad.org\/wp-content\/uploads\/2022\/03\/agua-subterranea-scaled.jpg\",\"datePublished\":\"2022-03-22T12:05:26+00:00\",\"dateModified\":\"2025-05-07T08:09:29+00:00\",\"description\":\"At World Water Day 2022 we highlight the value of underground waters as an inexhaustible source of wellbeing and development.\",\"breadcrumb\":{\"@id\":\"https:\/\/www.anesvad.org\/en\/last-news\/world-water-dat-underground-water\/#breadcrumb\"},\"inLanguage\":\"en-US\",\"potentialAction\":[{\"@type\":\"ReadAction\",\"target\":[\"https:\/\/www.anesvad.org\/en\/last-news\/world-water-dat-underground-water\/\"]}]},{\"@type\":\"ImageObject\",\"inLanguage\":\"en-US\",\"@id\":\"https:\/\/www.anesvad.org\/en\/last-news\/world-water-dat-underground-water\/#primaryimage\",\"url\":\"https:\/\/www.anesvad.org\/wp-content\/uploads\/2022\/03\/agua-subterranea-scaled.jpg\",\"contentUrl\":\"https:\/\/www.anesvad.org\/wp-content\/uploads\/2022\/03\/agua-subterranea-scaled.jpg\",\"width\":2560,\"height\":1706,\"caption\":\"Una mujer abre el gripo del tanque de agua subterr\u00e1nea mientras mira a c\u00e1mara. Est\u00e1 apoyada en la estructura y tiene un vestido azul, una manta verde al hombro y un pa\u00f1uelo marr\u00f3n en la cabeza. A su lado, el tanque est\u00e1 tirando un chorro de agua.\"},{\"@type\":\"BreadcrumbList\",\"@id\":\"https:\/\/www.anesvad.org\/en\/last-news\/world-water-dat-underground-water\/#breadcrumb\",\"itemListElement\":[{\"@type\":\"ListItem\",\"position\":1,\"name\":\"Portada\",\"item\":\"https:\/\/www.anesvad.org\/en\/\"},{\"@type\":\"ListItem\",\"position\":2,\"name\":\"World Water Day: the underground water that changes lives\"}]},{\"@type\":\"WebSite\",\"@id\":\"https:\/\/www.anesvad.org\/en\/#website\",\"url\":\"https:\/\/www.anesvad.org\/en\/\",\"name\":\"anesvad\",\"description\":\"\",\"publisher\":{\"@id\":\"https:\/\/www.anesvad.org\/en\/#organization\"},\"potentialAction\":[{\"@type\":\"SearchAction\",\"target\":{\"@type\":\"EntryPoint\",\"urlTemplate\":\"https:\/\/www.anesvad.org\/en\/?s={search_term_string}\"},\"query-input\":{\"@type\":\"PropertyValueSpecification\",\"valueRequired\":true,\"valueName\":\"search_term_string\"}}],\"inLanguage\":\"en-US\"},{\"@type\":\"Organization\",\"@id\":\"https:\/\/www.anesvad.org\/en\/#organization\",\"name\":\"Anesvad\",\"url\":\"https:\/\/www.anesvad.org\/en\/\",\"logo\":{\"@type\":\"ImageObject\",\"inLanguage\":\"en-US\",\"@id\":\"https:\/\/www.anesvad.org\/en\/#\/schema\/logo\/image\/\",\"url\":\"https:\/\/www.anesvad.org\/wp-content\/uploads\/2021\/05\/cropped-favicon.png\",\"contentUrl\":\"https:\/\/www.anesvad.org\/wp-content\/uploads\/2021\/05\/cropped-favicon.png\",\"width\":512,\"height\":512,\"caption\":\"Anesvad\"},\"image\":{\"@id\":\"https:\/\/www.anesvad.org\/en\/#\/schema\/logo\/image\/\"}},{\"@type\":\"Person\",\"@id\":\"https:\/\/www.anesvad.org\/en\/#\/schema\/person\/1b3f0d28b7aaa86610f5e1545027205e\",\"name\":\"Mikel Edeso\",\"image\":{\"@type\":\"ImageObject\",\"inLanguage\":\"en-US\",\"@id\":\"https:\/\/www.anesvad.org\/en\/#\/schema\/person\/image\/\",\"url\":\"https:\/\/secure.gravatar.com\/avatar\/f6be7a17451a8e794fc8461b8e691640967095312a30e84475a6f42cb1a455ce?s=96&d=mm&r=g\",\"contentUrl\":\"https:\/\/secure.gravatar.com\/avatar\/f6be7a17451a8e794fc8461b8e691640967095312a30e84475a6f42cb1a455ce?s=96&d=mm&r=g\",\"caption\":\"Mikel Edeso\"},\"url\":\"https:\/\/www.anesvad.org\/en\/estapasando\/author\/mikel-edeso\/\"}]}<\/script>\n<!-- \/ Yoast SEO plugin. -->","yoast_head_json":{"title":"World Water Day | ANESVAD","description":"At World Water Day 2022 we highlight the value of underground waters as an inexhaustible source of wellbeing and development.","robots":{"index":"index","follow":"follow","max-snippet":"max-snippet:-1","max-image-preview":"max-image-preview:large","max-video-preview":"max-video-preview:-1"},"canonical":"https:\/\/www.anesvad.org\/en\/last-news\/world-water-dat-underground-water\/","og_locale":"en_US","og_type":"article","og_title":"World Water Day | ANESVAD","og_description":"At World Water Day 2022 we highlight the value of underground waters as an inexhaustible source of wellbeing and development.","og_url":"https:\/\/www.anesvad.org\/en\/last-news\/world-water-dat-underground-water\/","og_site_name":"anesvad","article_published_time":"2022-03-22T12:05:26+00:00","article_modified_time":"2025-05-07T08:09:29+00:00","og_image":[{"width":2560,"height":1706,"url":"https:\/\/www.anesvad.org\/wp-content\/uploads\/2022\/03\/agua-subterranea-scaled.jpg","type":"image\/jpeg"}],"author":"Mikel Edeso","twitter_card":"summary_large_image","twitter_misc":{"Written by":"Mikel Edeso","Est. reading time":"1 minute"},"schema":{"@context":"https:\/\/schema.org","@graph":[{"@type":"Article","@id":"https:\/\/www.anesvad.org\/en\/last-news\/world-water-dat-underground-water\/#article","isPartOf":{"@id":"https:\/\/www.anesvad.org\/en\/last-news\/world-water-dat-underground-water\/"},"author":{"name":"Mikel Edeso","@id":"https:\/\/www.anesvad.org\/en\/#\/schema\/person\/1b3f0d28b7aaa86610f5e1545027205e"},"headline":"World Water Day: the underground water that changes lives","datePublished":"2022-03-22T12:05:26+00:00","dateModified":"2025-05-07T08:09:29+00:00","mainEntityOfPage":{"@id":"https:\/\/www.anesvad.org\/en\/last-news\/world-water-dat-underground-water\/"},"wordCount":446,"commentCount":0,"publisher":{"@id":"https:\/\/www.anesvad.org\/en\/#organization"},"image":{"@id":"https:\/\/www.anesvad.org\/en\/last-news\/world-water-dat-underground-water\/#primaryimage"},"thumbnailUrl":"https:\/\/www.anesvad.org\/wp-content\/uploads\/2022\/03\/agua-subterranea-scaled.jpg","articleSection":["Health in Africa"],"inLanguage":"en-US","potentialAction":[{"@type":"CommentAction","name":"Comment","target":["https:\/\/www.anesvad.org\/en\/last-news\/world-water-dat-underground-water\/#respond"]}]},{"@type":"WebPage","@id":"https:\/\/www.anesvad.org\/en\/last-news\/world-water-dat-underground-water\/","url":"https:\/\/www.anesvad.org\/en\/last-news\/world-water-dat-underground-water\/","name":"World Water Day | ANESVAD","isPartOf":{"@id":"https:\/\/www.anesvad.org\/en\/#website"},"primaryImageOfPage":{"@id":"https:\/\/www.anesvad.org\/en\/last-news\/world-water-dat-underground-water\/#primaryimage"},"image":{"@id":"https:\/\/www.anesvad.org\/en\/last-news\/world-water-dat-underground-water\/#primaryimage"},"thumbnailUrl":"https:\/\/www.anesvad.org\/wp-content\/uploads\/2022\/03\/agua-subterranea-scaled.jpg","datePublished":"2022-03-22T12:05:26+00:00","dateModified":"2025-05-07T08:09:29+00:00","description":"At World Water Day 2022 we highlight the value of underground waters as an inexhaustible source of wellbeing and development.","breadcrumb":{"@id":"https:\/\/www.anesvad.org\/en\/last-news\/world-water-dat-underground-water\/#breadcrumb"},"inLanguage":"en-US","potentialAction":[{"@type":"ReadAction","target":["https:\/\/www.anesvad.org\/en\/last-news\/world-water-dat-underground-water\/"]}]},{"@type":"ImageObject","inLanguage":"en-US","@id":"https:\/\/www.anesvad.org\/en\/last-news\/world-water-dat-underground-water\/#primaryimage","url":"https:\/\/www.anesvad.org\/wp-content\/uploads\/2022\/03\/agua-subterranea-scaled.jpg","contentUrl":"https:\/\/www.anesvad.org\/wp-content\/uploads\/2022\/03\/agua-subterranea-scaled.jpg","width":2560,"height":1706,"caption":"Una mujer abre el gripo del tanque de agua subterr\u00e1nea mientras mira a c\u00e1mara. Est\u00e1 apoyada en la estructura y tiene un vestido azul, una manta verde al hombro y un pa\u00f1uelo marr\u00f3n en la cabeza. A su lado, el tanque est\u00e1 tirando un chorro de agua."},{"@type":"BreadcrumbList","@id":"https:\/\/www.anesvad.org\/en\/last-news\/world-water-dat-underground-water\/#breadcrumb","itemListElement":[{"@type":"ListItem","position":1,"name":"Portada","item":"https:\/\/www.anesvad.org\/en\/"},{"@type":"ListItem","position":2,"name":"World Water Day: the underground water that changes lives"}]},{"@type":"WebSite","@id":"https:\/\/www.anesvad.org\/en\/#website","url":"https:\/\/www.anesvad.org\/en\/","name":"anesvad","description":"","publisher":{"@id":"https:\/\/www.anesvad.org\/en\/#organization"},"potentialAction":[{"@type":"SearchAction","target":{"@type":"EntryPoint","urlTemplate":"https:\/\/www.anesvad.org\/en\/?s={search_term_string}"},"query-input":{"@type":"PropertyValueSpecification","valueRequired":true,"valueName":"search_term_string"}}],"inLanguage":"en-US"},{"@type":"Organization","@id":"https:\/\/www.anesvad.org\/en\/#organization","name":"Anesvad","url":"https:\/\/www.anesvad.org\/en\/","logo":{"@type":"ImageObject","inLanguage":"en-US","@id":"https:\/\/www.anesvad.org\/en\/#\/schema\/logo\/image\/","url":"https:\/\/www.anesvad.org\/wp-content\/uploads\/2021\/05\/cropped-favicon.png","contentUrl":"https:\/\/www.anesvad.org\/wp-content\/uploads\/2021\/05\/cropped-favicon.png","width":512,"height":512,"caption":"Anesvad"},"image":{"@id":"https:\/\/www.anesvad.org\/en\/#\/schema\/logo\/image\/"}},{"@type":"Person","@id":"https:\/\/www.anesvad.org\/en\/#\/schema\/person\/1b3f0d28b7aaa86610f5e1545027205e","name":"Mikel Edeso","image":{"@type":"ImageObject","inLanguage":"en-US","@id":"https:\/\/www.anesvad.org\/en\/#\/schema\/person\/image\/","url":"https:\/\/secure.gravatar.com\/avatar\/f6be7a17451a8e794fc8461b8e691640967095312a30e84475a6f42cb1a455ce?s=96&d=mm&r=g","contentUrl":"https:\/\/secure.gravatar.com\/avatar\/f6be7a17451a8e794fc8461b8e691640967095312a30e84475a6f42cb1a455ce?s=96&d=mm&r=g","caption":"Mikel Edeso"},"url":"https:\/\/www.anesvad.org\/en\/estapasando\/author\/mikel-edeso\/"}]}},"_links":{"self":[{"href":"https:\/\/www.anesvad.org\/en\/wp-json\/wp\/v2\/posts\/16969","targetHints":{"allow":["GET"]}}],"collection":[{"href":"https:\/\/www.anesvad.org\/en\/wp-json\/wp\/v2\/posts"}],"about":[{"href":"https:\/\/www.anesvad.org\/en\/wp-json\/wp\/v2\/types\/post"}],"author":[{"embeddable":true,"href":"https:\/\/www.anesvad.org\/en\/wp-json\/wp\/v2\/users\/21"}],"replies":[{"embeddable":true,"href":"https:\/\/www.anesvad.org\/en\/wp-json\/wp\/v2\/comments?post=16969"}],"version-history":[{"count":0,"href":"https:\/\/www.anesvad.org\/en\/wp-json\/wp\/v2\/posts\/16969\/revisions"}],"wp:featuredmedia":[{"embeddable":true,"href":"https:\/\/www.anesvad.org\/en\/wp-json\/wp\/v2\/media\/14292"}],"wp:attachment":[{"href":"https:\/\/www.anesvad.org\/en\/wp-json\/wp\/v2\/media?parent=16969"}],"wp:term":[{"taxonomy":"category","embeddable":true,"href":"https:\/\/www.anesvad.org\/en\/wp-json\/wp\/v2\/categories?post=16969"},{"taxonomy":"post_tag","embeddable":true,"href":"https:\/\/www.anesvad.org\/en\/wp-json\/wp\/v2\/tags?post=16969"}],"curies":[{"name":"wp","href":"https:\/\/api.w.org\/{rel}","templated":true}]}}